{"id":9773,"date":"2019-06-01T19:50:27","date_gmt":"2019-06-01T17:50:27","guid":{"rendered":"https:\/\/taschenfreak.de\/blog\/?p=9773"},"modified":"2019-06-01T19:50:27","modified_gmt":"2019-06-01T17:50:27","slug":"der-mindshift-gear-photocross-15-pack-ein-vielseitiges-leichtgewicht-fuer-den-ruecken","status":"publish","type":"post","link":"https:\/\/taschenfreak.de\/blog\/2019\/06\/01\/der-mindshift-gear-photocross-15-pack-ein-vielseitiges-leichtgewicht-fuer-den-ruecken\/","title":{"rendered":"Der MindShift Gear Photocross 15 Pack &#8211; ein vielseitiges Leichtgewicht f\u00fcr den R\u00fccken"},"content":{"rendered":"<p>Jetzt habe ich den <a href=\"https:\/\/amzn.to\/2QC7Ks5\"><strong>Mindshift Gear Photocross 15 Pack<\/strong><\/a> schon einige Wochen in Benutzung und war schon zig tausend Kilometer mit dem Auto mit ihm unterwegs, etliche Kilometer zu Fu\u00df auf dem R\u00fccken und viele Seemeilen auf dem Kreuzfahrtschiff und nun habe ich endlich auch ein <a href=\"https:\/\/youtu.be\/uQKago6CjEg\">Video<\/a> und einen Bericht f\u00fcr Euch erstellt. Klickt Euch mal rein in das <a href=\"https:\/\/youtu.be\/uQKago6CjEg\">kurze Video<\/a>:<\/p>\n<div class=\"jetpack-video-wrapper\"><span class=\"embed-youtube\" style=\"text-align:center; display: block;\"> <\/p>\n<div class=\"brlbs-cmpnt-container brlbs-cmpnt-content-blocker brlbs-cmpnt-with-individual-styles\" data-borlabs-cookie-content-blocker-id=\"youtube-content-blocker\" data-borlabs-cookie-content=\"PGlmcmFtZSBjbGFzcz0ieW91dHViZS1wbGF5ZXIiIHdpZHRoPSI2NTAiIGhlaWdodD0iMzY2IiBzcmM9Imh0dHBzOi8vd3d3LnlvdXR1YmUtbm9jb29raWUuY29tL2VtYmVkL3VRS2FnbzZDakVnP3ZlcnNpb249MyYjMDM4O3JlbD0xJiMwMzg7c2hvd3NlYXJjaD0wJiMwMzg7c2hvd2luZm89MSYjMDM4O2l2X2xvYWRfcG9saWN5PTEmIzAzODtmcz0xJiMwMzg7aGw9ZGUtREUmIzAzODthdXRvaGlkZT0yJiMwMzg7d21vZGU9dHJhbnNwYXJlbnQiIGFsbG93ZnVsbHNjcmVlbj0idHJ1ZSIgc3R5bGU9ImJvcmRlcjowOyIgc2FuZGJveD0iYWxsb3ctc2NyaXB0cyBhbGxvdy1zYW1lLW9yaWdpbiBhbGxvdy1wb3B1cHMgYWxsb3ctcHJlc2VudGF0aW9uIGFsbG93LXBvcHVwcy10by1lc2NhcGUtc2FuZGJveCI+PC9pZnJhbWU+\">\n<div class=\"brlbs-cmpnt-cb-preset-c brlbs-cmpnt-cb-youtube\">\n<div class=\"brlbs-cmpnt-cb-thumbnail\" style=\"background-image: url('https:\/\/taschenfreak.de\/blog\/wp-content\/uploads\/borlabs-cookie\/1\/yt_uQKago6CjEg_hqdefault.jpg')\"><\/div>\n<div class=\"brlbs-cmpnt-cb-main\">\n<div class=\"brlbs-cmpnt-cb-play-button\"><\/div>\n<div class=\"brlbs-cmpnt-cb-content\">\n<p class=\"brlbs-cmpnt-cb-description\">Sie sehen gerade einen Platzhalterinhalt von <strong>YouTube<\/strong>. Um auf den eigentlichen Inhalt zuzugreifen, klicken Sie auf die Schaltfl\u00e4che unten. Bitte beachten Sie, dass dabei Daten an Drittanbieter weitergegeben werden.<\/p>\n<p> <a class=\"brlbs-cmpnt-cb-provider-toggle\" href=\"#\" data-borlabs-cookie-show-provider-information role=\"button\">Mehr Informationen<\/a> <\/div>\n<div class=\"brlbs-cmpnt-cb-buttons\"> <a class=\"brlbs-cmpnt-cb-btn\" href=\"#\" data-borlabs-cookie-unblock role=\"button\">Inhalt entsperren<\/a> <a class=\"brlbs-cmpnt-cb-btn\" href=\"#\" data-borlabs-cookie-accept-service role=\"button\" style=\"display: inherit\">Erforderlichen Service akzeptieren und Inhalte entsperren<\/a> <\/div>\n<\/p><\/div>\n<\/p><\/div>\n<\/div>\n<p><\/span><\/div>\n<p>Gegenlicht ist ja ein modernes Gestaltungsmittel, oder? Wir reden besser nicht dr\u00fcber das ich erst nach dem <a href=\"https:\/\/youtu.be\/uQKago6CjEg\">Video<\/a> gemerkt habe, oder?<\/p>\n<p>&nbsp;<\/p>\n<p><strong>Das sagt der Hersteller \u00fcber seinen Rucksack<\/strong><\/p>\n<blockquote><p><em>Adventure photographers need a camera bag that\u2019s as tough as they are. With its rugged materials and faceted design, the MindShift PhotoCross 15 backpack will protect your gear from another punishing trip into the wild.<\/em><\/p>\n<p><em>The PhotoCross is built to withstand the elements, yet comfortable enough to wear on long days in the field. The extra-large side panel gives you complete access to your gear when you\u2019re ready to take the shot.<\/em><\/p>\n<p><em><strong>Key Features<\/strong><\/em><\/p>\n<ul>\n<li><em>Weatherproof zippers and materials<\/em><\/li>\n<li><em>Durable materials provide abrasion resistance<\/em><\/li>\n<li><em>Extra-large side panel gives you complete access to all your gear<\/em><\/li>\n<\/ul>\n<p><em>Quelle: <a href=\"https:\/\/www.thinktankphoto.com\/products\/photocross-15-backpack\">https:\/\/www.thinktankphoto.com\/products\/photocross-15-backpack<\/a><\/em><\/p><\/blockquote>\n<p>&nbsp;<\/p>\n<p><strong>Was mir sehr gut gef\u00e4llt?<\/strong><\/p>\n<ul>\n<li>Der Rucksack ist ein robustes St\u00fcck wie kaum ein anderer! Ich habe ihn wirklich nicht im geringsten &#8222;zimperlich&#8220; behandelt und wirklich ins Nasse gestellt am Meer, im Regen durch Oslo getragen, am Steg hin und her gezerrt auf dem kratzigen Holz &#8211; der sieht immer noch aus wie gerade frisch aus dem Karton genommen. Erstaunlich!<\/li>\n<li>Die Rei\u00dfverschl\u00fcsse sind wasserabgedichtet und dennoch sehr leichtg\u00e4ngig zu bedienen durch die extrem griffigen &#8222;P\u00f6mpel&#8220; an den Griffen der Rei\u00dfverschl\u00fcsse.<\/li>\n<li>Die Inneneinteilung ist gerade richtig dimensioniert und es passt eine aktuelle Ausr\u00fcstung perfekt hinein ohne Dr\u00fccken und Quetschen.<\/li>\n<li>Das Frontfach ist genial gro\u00df und schaut dabei so klein und unscheinbar aus.<\/li>\n<li>Das Seitenfach tr\u00e4gt wunderbar auch eine gro\u00dfe 1.5 Liter Flasche und diese f\u00e4llt nicht heraus.<\/li>\n<li>Die abnehmbaren Gurte machen den Rucksack smarter wirkend als er in Wirklichkeit ist. Man bleibt ohne die Gurte nirgends im Zug oder Flieger h\u00e4ngen und der Rucksack ist deutlich unauff\u00e4lliger wirkend.<\/li>\n<li>Der Boden ist stark gummiert und sowohl Wasserresistent als auch Kratzfest.<\/li>\n<li>Der Rucksack ist innen breit und tief genug um das &#8222;fette&#8220; Nikon 200-500 VR mit dem FTZ-Adapter daran aufzunehmen und dennoch ganz stressfrei verschlossen werden zu k\u00f6nnen.<\/li>\n<li>Wenn man den Rucksack unter einem Arm nach vorne schwingt kommt man bequem an die Inneneinrichtung und das Kamerafach heran ohne den Rucksack im nassen absetzen zu m\u00fcssen. Das klappt auch bei gro\u00dfen K\u00f6rper-Abmessungen des Fotografen sehr bequem.<\/li>\n<li>Das Notebookfach ist gro\u00df genug bemessen, auch f\u00fcr 15&#8243; Notebooks.<\/li>\n<li>Im Frontfach ist noch ein weiteres Fach integriert in das man gut seine Geldb\u00f6rse und Smartphone verstauen kann.<\/li>\n<li>Das Trage-Geschirr ist sehr flach und &#8222;klein&#8220; und dennoch sehr bequem und das nicht nur bei mir als XXXL-Kerl mit 1.93m &#8222;H\u00f6he&#8220;, sondern auch bei meiner Tochter mit 1,62m K\u00f6rperh\u00f6he.&nbsp;<\/li>\n<li>Man schwitzt nur sehr wenig bis gar nicht da der R\u00fccken mit dessen Material gut gel\u00fcftet ist.<\/li>\n<li>Die Netzf\u00e4cher im Fotofachdeckel sind mit zwei Rei\u00dfverschl\u00fcssen zulaufend versehen, so f\u00e4llt nicht immer alles gleich heraus.&nbsp;<\/li>\n<li>Der H\u00fcftgurt ist abnehmbar. (Eine Bitte an meine treuen Leser: H\u00f6rt auf zu Lachen!)<\/li>\n<\/ul>\n<p>&nbsp;<\/p>\n<p><strong>Was mir nicht so gut gef\u00e4llt?<\/strong><\/p>\n<ul>\n<li>St\u00f6rt es mich? Bin ich nich unsicher, aber der Photocross 15 Pack hat kein Daypack f\u00fcr Kleidung oder Brotzeit oder dergleichen. Das muss entweder au\u00dfen angebracht werden oder in das Frontfach verstaut werden. Dennoch habe ich ganz ehrlich diese &#8222;Funktion&#8220; (Daypack) nicht vermisst auf den beiden letzten Reisen.<\/li>\n<li>Der Photocross 15 Pack neigt im stehen zum leichten umfallen.<\/li>\n<li>Der Photocross 15 Pack hat kein Trolleyband und kann nicht mal eben einfach \u00fcber das Trolly-Griffgestell des Reisekoffers gewuchtet werden.<\/li>\n<\/ul>\n<p>&nbsp;<\/p>\n<p><strong>Fotos<\/strong><\/p>\n<div id='gallery-1' class='gallery galleryid-9773 gallery-columns-4 gallery-size-thumbnail'><figure class='gallery-item'>\n\t\t\t<div class='gallery-icon portrait'>\n\t\t\t\t<a href='https:\/\/taschenfreak.de\/blog\/wp-content\/uploads\/2019\/06\/2019-05-TF-MindShiftGear-PhotoCross15_0002.jpg' title=\"\" data-rl_title=\"\" class=\"rl-gallery-link\" data-rl_caption=\"\" data-rel=\"lightbox-gallery-1\"><img loading=\"lazy\" decoding=\"async\" width=\"150\" height=\"150\" src=\"https:\/\/taschenfreak.de\/blog\/wp-content\/uploads\/2019\/06\/2019-05-TF-MindShiftGear-PhotoCross15_0002-150x150.jpg\" class=\"attachment-thumbnail size-thumbnail\" alt=\"\" srcset=\"https:\/\/taschenfreak.de\/blog\/wp-content\/uploads\/2019\/06\/2019-05-TF-MindShiftGear-PhotoCross15_0002-150x150.jpg 150w, https:\/\/taschenfreak.de\/blog\/wp-content\/uploads\/2019\/06\/2019-05-TF-MindShiftGear-PhotoCross15_0002-70x70.jpg 70w\" sizes=\"auto, (max-width: 150px) 100vw, 150px\" \/><\/a>\n\t\t\t<\/div><\/figure><figure class='gallery-item'>\n\t\t\t<div class='gallery-icon landscape'>\n\t\t\t\t<a href='https:\/\/taschenfreak.de\/blog\/wp-content\/uploads\/2019\/06\/2019-05-TF-MindShiftGear-PhotoCross15_0003.jpg' title=\"\" data-rl_title=\"\" class=\"rl-gallery-link\" data-rl_caption=\"\" data-rel=\"lightbox-gallery-1\"><img loading=\"lazy\" decoding=\"async\" width=\"150\" height=\"150\" src=\"https:\/\/taschenfreak.de\/blog\/wp-content\/uploads\/2019\/06\/2019-05-TF-MindShiftGear-PhotoCross15_0003-150x150.jpg\" class=\"attachment-thumbnail size-thumbnail\" alt=\"\" srcset=\"https:\/\/taschenfreak.de\/blog\/wp-content\/uploads\/2019\/06\/2019-05-TF-MindShiftGear-PhotoCross15_0003-150x150.jpg 150w, https:\/\/taschenfreak.de\/blog\/wp-content\/uploads\/2019\/06\/2019-05-TF-MindShiftGear-PhotoCross15_0003-70x70.jpg 70w\" sizes=\"auto, (max-width: 150px) 100vw, 150px\" \/><\/a>\n\t\t\t<\/div><\/figure><figure class='gallery-item'>\n\t\t\t<div class='gallery-icon portrait'>\n\t\t\t\t<a href='https:\/\/taschenfreak.de\/blog\/wp-content\/uploads\/2019\/06\/2019-05-TF-MindShiftGear-PhotoCross15_0004.jpg' title=\"\" data-rl_title=\"\" class=\"rl-gallery-link\" data-rl_caption=\"\" data-rel=\"lightbox-gallery-1\"><img loading=\"lazy\" decoding=\"async\" width=\"150\" height=\"150\" src=\"https:\/\/taschenfreak.de\/blog\/wp-content\/uploads\/2019\/06\/2019-05-TF-MindShiftGear-PhotoCross15_0004-150x150.jpg\" class=\"attachment-thumbnail size-thumbnail\" alt=\"\" srcset=\"https:\/\/taschenfreak.de\/blog\/wp-content\/uploads\/2019\/06\/2019-05-TF-MindShiftGear-PhotoCross15_0004-150x150.jpg 150w, https:\/\/taschenfreak.de\/blog\/wp-content\/uploads\/2019\/06\/2019-05-TF-MindShiftGear-PhotoCross15_0004-70x70.jpg 70w\" sizes=\"auto, (max-width: 150px) 100vw, 150px\" \/><\/a>\n\t\t\t<\/div><\/figure><figure class='gallery-item'>\n\t\t\t<div class='gallery-icon landscape'>\n\t\t\t\t<a href='https:\/\/taschenfreak.de\/blog\/wp-content\/uploads\/2019\/06\/2019-05-TF-MindShiftGear-PhotoCross15_0006.jpg' title=\"\" data-rl_title=\"\" class=\"rl-gallery-link\" data-rl_caption=\"\" data-rel=\"lightbox-gallery-1\"><img loading=\"lazy\" decoding=\"async\" width=\"150\" height=\"150\" src=\"https:\/\/taschenfreak.de\/blog\/wp-content\/uploads\/2019\/06\/2019-05-TF-MindShiftGear-PhotoCross15_0006-150x150.jpg\" class=\"attachment-thumbnail size-thumbnail\" alt=\"\" srcset=\"https:\/\/taschenfreak.de\/blog\/wp-content\/uploads\/2019\/06\/2019-05-TF-MindShiftGear-PhotoCross15_0006-150x150.jpg 150w, https:\/\/taschenfreak.de\/blog\/wp-content\/uploads\/2019\/06\/2019-05-TF-MindShiftGear-PhotoCross15_0006-70x70.jpg 70w\" sizes=\"auto, (max-width: 150px) 100vw, 150px\" \/><\/a>\n\t\t\t<\/div><\/figure><figure class='gallery-item'>\n\t\t\t<div class='gallery-icon landscape'>\n\t\t\t\t<a href='https:\/\/taschenfreak.de\/blog\/wp-content\/uploads\/2019\/06\/2019-05-TF-MindShiftGear-PhotoCross15_0007.jpg' title=\"\" data-rl_title=\"\" class=\"rl-gallery-link\" data-rl_caption=\"\" data-rel=\"lightbox-gallery-1\"><img loading=\"lazy\" decoding=\"async\" width=\"150\" height=\"150\" src=\"https:\/\/taschenfreak.de\/blog\/wp-content\/uploads\/2019\/06\/2019-05-TF-MindShiftGear-PhotoCross15_0007-150x150.jpg\" class=\"attachment-thumbnail size-thumbnail\" alt=\"\" srcset=\"https:\/\/taschenfreak.de\/blog\/wp-content\/uploads\/2019\/06\/2019-05-TF-MindShiftGear-PhotoCross15_0007-150x150.jpg 150w, https:\/\/taschenfreak.de\/blog\/wp-content\/uploads\/2019\/06\/2019-05-TF-MindShiftGear-PhotoCross15_0007-70x70.jpg 70w\" sizes=\"auto, (max-width: 150px) 100vw, 150px\" \/><\/a>\n\t\t\t<\/div><\/figure><figure class='gallery-item'>\n\t\t\t<div class='gallery-icon landscape'>\n\t\t\t\t<a href='https:\/\/taschenfreak.de\/blog\/wp-content\/uploads\/2019\/06\/2019-05-TF-MindShiftGear-PhotoCross15_0008.jpg' title=\"\" data-rl_title=\"\" class=\"rl-gallery-link\" data-rl_caption=\"\" data-rel=\"lightbox-gallery-1\"><img loading=\"lazy\" decoding=\"async\" width=\"150\" height=\"150\" src=\"https:\/\/taschenfreak.de\/blog\/wp-content\/uploads\/2019\/06\/2019-05-TF-MindShiftGear-PhotoCross15_0008-150x150.jpg\" class=\"attachment-thumbnail size-thumbnail\" alt=\"\" srcset=\"https:\/\/taschenfreak.de\/blog\/wp-content\/uploads\/2019\/06\/2019-05-TF-MindShiftGear-PhotoCross15_0008-150x150.jpg 150w, https:\/\/taschenfreak.de\/blog\/wp-content\/uploads\/2019\/06\/2019-05-TF-MindShiftGear-PhotoCross15_0008-70x70.jpg 70w\" sizes=\"auto, (max-width: 150px) 100vw, 150px\" \/><\/a>\n\t\t\t<\/div><\/figure><figure class='gallery-item'>\n\t\t\t<div class='gallery-icon landscape'>\n\t\t\t\t<a href='https:\/\/taschenfreak.de\/blog\/wp-content\/uploads\/2019\/06\/2019-05-TF-MindShiftGear-PhotoCross15_0009.jpg' title=\"\" data-rl_title=\"\" class=\"rl-gallery-link\" data-rl_caption=\"\" data-rel=\"lightbox-gallery-1\"><img loading=\"lazy\" decoding=\"async\" width=\"150\" height=\"150\" src=\"https:\/\/taschenfreak.de\/blog\/wp-content\/uploads\/2019\/06\/2019-05-TF-MindShiftGear-PhotoCross15_0009-150x150.jpg\" class=\"attachment-thumbnail size-thumbnail\" alt=\"\" srcset=\"https:\/\/taschenfreak.de\/blog\/wp-content\/uploads\/2019\/06\/2019-05-TF-MindShiftGear-PhotoCross15_0009-150x150.jpg 150w, https:\/\/taschenfreak.de\/blog\/wp-content\/uploads\/2019\/06\/2019-05-TF-MindShiftGear-PhotoCross15_0009-70x70.jpg 70w\" sizes=\"auto, (max-width: 150px) 100vw, 150px\" \/><\/a>\n\t\t\t<\/div><\/figure><figure class='gallery-item'>\n\t\t\t<div class='gallery-icon landscape'>\n\t\t\t\t<a href='https:\/\/taschenfreak.de\/blog\/wp-content\/uploads\/2019\/06\/2019-05-TF-MindShiftGear-PhotoCross15_0010.jpg' title=\"\" data-rl_title=\"\" class=\"rl-gallery-link\" data-rl_caption=\"\" data-rel=\"lightbox-gallery-1\"><img loading=\"lazy\" decoding=\"async\" width=\"150\" height=\"150\" src=\"https:\/\/taschenfreak.de\/blog\/wp-content\/uploads\/2019\/06\/2019-05-TF-MindShiftGear-PhotoCross15_0010-150x150.jpg\" class=\"attachment-thumbnail size-thumbnail\" alt=\"\" srcset=\"https:\/\/taschenfreak.de\/blog\/wp-content\/uploads\/2019\/06\/2019-05-TF-MindShiftGear-PhotoCross15_0010-150x150.jpg 150w, https:\/\/taschenfreak.de\/blog\/wp-content\/uploads\/2019\/06\/2019-05-TF-MindShiftGear-PhotoCross15_0010-70x70.jpg 70w\" sizes=\"auto, (max-width: 150px) 100vw, 150px\" \/><\/a>\n\t\t\t<\/div><\/figure><figure class='gallery-item'>\n\t\t\t<div class='gallery-icon landscape'>\n\t\t\t\t<a href='https:\/\/taschenfreak.de\/blog\/wp-content\/uploads\/2019\/06\/2019-05-TF-MindShiftGear-PhotoCross15_0011.jpg' title=\"\" data-rl_title=\"\" class=\"rl-gallery-link\" data-rl_caption=\"\" data-rel=\"lightbox-gallery-1\"><img loading=\"lazy\" decoding=\"async\" width=\"150\" height=\"150\" src=\"https:\/\/taschenfreak.de\/blog\/wp-content\/uploads\/2019\/06\/2019-05-TF-MindShiftGear-PhotoCross15_0011-150x150.jpg\" class=\"attachment-thumbnail size-thumbnail\" alt=\"\" srcset=\"https:\/\/taschenfreak.de\/blog\/wp-content\/uploads\/2019\/06\/2019-05-TF-MindShiftGear-PhotoCross15_0011-150x150.jpg 150w, https:\/\/taschenfreak.de\/blog\/wp-content\/uploads\/2019\/06\/2019-05-TF-MindShiftGear-PhotoCross15_0011-70x70.jpg 70w\" sizes=\"auto, (max-width: 150px) 100vw, 150px\" \/><\/a>\n\t\t\t<\/div><\/figure><figure class='gallery-item'>\n\t\t\t<div class='gallery-icon landscape'>\n\t\t\t\t<a href='https:\/\/taschenfreak.de\/blog\/wp-content\/uploads\/2019\/06\/2019-05-TF-MindShiftGear-PhotoCross15_0012.jpg' title=\"\" data-rl_title=\"\" class=\"rl-gallery-link\" data-rl_caption=\"\" data-rel=\"lightbox-gallery-1\"><img loading=\"lazy\" decoding=\"async\" width=\"150\" height=\"150\" src=\"https:\/\/taschenfreak.de\/blog\/wp-content\/uploads\/2019\/06\/2019-05-TF-MindShiftGear-PhotoCross15_0012-150x150.jpg\" class=\"attachment-thumbnail size-thumbnail\" alt=\"\" srcset=\"https:\/\/taschenfreak.de\/blog\/wp-content\/uploads\/2019\/06\/2019-05-TF-MindShiftGear-PhotoCross15_0012-150x150.jpg 150w, https:\/\/taschenfreak.de\/blog\/wp-content\/uploads\/2019\/06\/2019-05-TF-MindShiftGear-PhotoCross15_0012-70x70.jpg 70w\" sizes=\"auto, (max-width: 150px) 100vw, 150px\" \/><\/a>\n\t\t\t<\/div><\/figure><figure class='gallery-item'>\n\t\t\t<div class='gallery-icon portrait'>\n\t\t\t\t<a href='https:\/\/taschenfreak.de\/blog\/wp-content\/uploads\/2019\/06\/2019-05-TF-MindShiftGear-PhotoCross15_0013.jpg' title=\"\" data-rl_title=\"\" class=\"rl-gallery-link\" data-rl_caption=\"\" data-rel=\"lightbox-gallery-1\"><img loading=\"lazy\" decoding=\"async\" width=\"150\" height=\"150\" src=\"https:\/\/taschenfreak.de\/blog\/wp-content\/uploads\/2019\/06\/2019-05-TF-MindShiftGear-PhotoCross15_0013-150x150.jpg\" class=\"attachment-thumbnail size-thumbnail\" alt=\"\" srcset=\"https:\/\/taschenfreak.de\/blog\/wp-content\/uploads\/2019\/06\/2019-05-TF-MindShiftGear-PhotoCross15_0013-150x150.jpg 150w, https:\/\/taschenfreak.de\/blog\/wp-content\/uploads\/2019\/06\/2019-05-TF-MindShiftGear-PhotoCross15_0013-70x70.jpg 70w\" sizes=\"auto, (max-width: 150px) 100vw, 150px\" \/><\/a>\n\t\t\t<\/div><\/figure><figure class='gallery-item'>\n\t\t\t<div class='gallery-icon portrait'>\n\t\t\t\t<a href='https:\/\/taschenfreak.de\/blog\/wp-content\/uploads\/2019\/06\/2019-05-TF-MindShiftGear-PhotoCross15_0014.jpg' title=\"\" data-rl_title=\"\" class=\"rl-gallery-link\" data-rl_caption=\"\" data-rel=\"lightbox-gallery-1\"><img loading=\"lazy\" decoding=\"async\" width=\"150\" height=\"150\" src=\"https:\/\/taschenfreak.de\/blog\/wp-content\/uploads\/2019\/06\/2019-05-TF-MindShiftGear-PhotoCross15_0014-150x150.jpg\" class=\"attachment-thumbnail size-thumbnail\" alt=\"\" srcset=\"https:\/\/taschenfreak.de\/blog\/wp-content\/uploads\/2019\/06\/2019-05-TF-MindShiftGear-PhotoCross15_0014-150x150.jpg 150w, https:\/\/taschenfreak.de\/blog\/wp-content\/uploads\/2019\/06\/2019-05-TF-MindShiftGear-PhotoCross15_0014-70x70.jpg 70w\" sizes=\"auto, (max-width: 150px) 100vw, 150px\" \/><\/a>\n\t\t\t<\/div><\/figure>\n\t\t<\/div>\n\n<p><strong>Links<\/strong><\/p>\n<ul>\n<li><a href=\"https:\/\/www.thinktankphoto.com\/products\/photocross-15-backpack\">MindShift Gear Photocross 15 Pack beim Hersteller (USA)<\/a><\/li>\n<li><a href=\"https:\/\/mindshiftgear.de\/de\/rucksaecke\/photocross-15-orange-ember\">MindShiftGear Photocross 15 Pack beim deutschen Importeur<\/a><\/li>\n<li><a href=\"https:\/\/amzn.to\/2QC7Ks5\">MindShift Gear Photocross 15 Pack bei Amazon in Orange\/Grau<\/a><\/li>\n<li><a href=\"https:\/\/amzn.to\/30ZxZ0f\">MindShift Gear Photocross 15 Pack bei Amazon in Grau\/Schwarz<\/a><\/li>\n<li><a href=\"https:\/\/youtu.be\/uQKago6CjEg\">Mein Video zum MindShift Gear Photocross 15 Pack auf Youtube<\/a><\/li>\n<\/ul>\n<p>&nbsp;<\/p>\n<p><strong>Taschenfreak-Bewertung:<\/strong><\/p>\n[rwp_box_criteria id=&#8220;0&#8243;]\n<p>Summe:[rwp_reviewer_rating_stars id=&#8220;0&#8243;](<strong>5,00<\/strong>) &nbsp;<\/p>\n<p>&nbsp;<\/p>\n<p><strong>Transparenz<\/strong><\/p>\n<p>Dieser Rucksack wurde mir von MindShift Gear\/Think Tank USA kostenfrei durch den deutschen Importeur zur Verf\u00fcgung gestellt. Beeinflusst das meine Pros und Cons oben? Nein, denn ich habe dennoch was zu meckern und ebenso sehr viele positive Aspekte an diesem Rucksack gefunden, da meine Meinung frei und unk\u00e4ufllich ist.<\/p>\n<p>&nbsp;<\/p>\n<p><strong>Mein pers\u00f6nliches Fazit<\/strong><\/p>\n<p>F\u00fcr deutlich unter 200 Euro einen so leichten und sehr bequemen und vielseitigen Fotorucksack zu finden ist nicht einfach. Ich finde wirklich das MindShift Gear aka Think Tank Photo hier sehr viel sehr richtig gemacht haben. Ich mag die Materialien und die Farbgebung sehr und der Alltag auf den letzten zwei Reisen hat mir trotz meiner obigen Kritikpunkte sehr viel Freude gemacht. Ich w\u00fcrde mir den kaufen!<\/p>\n<p>Sch\u00f6ne Gr\u00fc\u00dfe \u2013 Euer Taschenfreak \u2013 J\u00f6rg Langer<\/p>\n<hr class=\"wp-block-separator\">\n<p><span style=\"font-size: 8pt;\"><strong>Hinweis in eigener Sache zur Werbung<\/strong><\/span><br \/>\n<span style=\"font-size: 8pt;\">Meine Blogbeitr\u00e4ge und Videos sind Gluten-, Glukose- und Laktosefrei, k\u00f6nnen aber Spuren von Werbung beinhalten da ich die Artikel ab und zu kostenlos zur Verf\u00fcgung gestellt bekomme.<\/span><br \/>\n<span style=\"font-size: 8pt;\">Meine Meinung ist frei von kommerziellen Einfl\u00fcssen, kann aber Spuren von Sarkasmus oder Ironie beinhalten.<\/span><br \/>\n<span style=\"font-size: 8pt;\">Dieser Blog verfolgt keine kommerziellen Absichten. Die meisten mir zur Verf\u00fcgung gestellten Taschen verschenke ich oder verlose die f\u00fcr gute Zwecke. Meine treuen Leser wissen das seit Jahren.<\/span><br \/>\n<span style=\"font-size: 8pt;\">Ich betreibe diesen Blog aus Spa\u00df an der Sache und nicht aus kommerziellen Absichten. Das mag in der heutigen Zeit eher ungew\u00f6hnlich sein. Mit diesem Schock m\u00fcsst Ihr leider zurecht kommen.<\/span><br \/>\n&nbsp;<\/p>\n","protected":false},"excerpt":{"rendered":"<p>Jetzt habe ich den Mindshift Gear Photocross 15 Pack schon einige Wochen in Benutzung und war schon zig tausend Kilometer mit dem Auto mit ihm unterwegs, etliche Kilometer zu Fu\u00df auf dem R\u00fccken und viele Seemeilen auf dem Kreuzfahrtschiff und nun habe ich endlich auch ein Video und einen Bericht f\u00fcr Euch erstellt.<\/p>\n","protected":false},"author":3,"featured_media":9789,"comment_status":"open","ping_status":"open","sticky":false,"template":"","format":"standard","meta":{"ngg_post_thumbnail":0,"_jetpack_memberships_contains_paid_content":false,"footnotes":"","_links_to":"","_links_to_target":""},"categories":[3,6],"tags":[1077,1427,2176,1845,2177,603,48,2178,2179,1047,1057],"class_list":["post-9773","post","type-post","status-publish","format-standard","has-post-thumbnail","hentry","category-rucksack","category-rucksack-mit-notebookfach-ohne-daypack","tag-backpack","tag-fehmarn","tag-kreuzfahrt","tag-kueste","tag-leichter-fotorucksack","tag-mindshift-gear","tag-packbeispiel","tag-photocross","tag-photocross-15-pack","tag-rucksack","tag-think-tank-photo"],"jetpack_featured_media_url":"https:\/\/taschenfreak.de\/blog\/wp-content\/uploads\/2019\/06\/2019-05-TF-MindShiftGear-PhotoCross15_0001.jpg","jetpack_shortlink":"https:\/\/wp.me\/p4GMND-2xD","jetpack_sharing_enabled":true,"_links":{"self":[{"href":"https:\/\/taschenfreak.de\/blog\/wp-json\/wp\/v2\/posts\/9773","targetHints":{"allow":["GET"]}}],"collection":[{"href":"https:\/\/taschenfreak.de\/blog\/wp-json\/wp\/v2\/posts"}],"about":[{"href":"https:\/\/taschenfreak.de\/blog\/wp-json\/wp\/v2\/types\/post"}],"author":[{"embeddable":true,"href":"https:\/\/taschenfreak.de\/blog\/wp-json\/wp\/v2\/users\/3"}],"replies":[{"embeddable":true,"href":"https:\/\/taschenfreak.de\/blog\/wp-json\/wp\/v2\/comments?post=9773"}],"version-history":[{"count":4,"href":"https:\/\/taschenfreak.de\/blog\/wp-json\/wp\/v2\/posts\/9773\/revisions"}],"predecessor-version":[{"id":9793,"href":"https:\/\/taschenfreak.de\/blog\/wp-json\/wp\/v2\/posts\/9773\/revisions\/9793"}],"wp:featuredmedia":[{"embeddable":true,"href":"https:\/\/taschenfreak.de\/blog\/wp-json\/wp\/v2\/media\/9789"}],"wp:attachment":[{"href":"https:\/\/taschenfreak.de\/blog\/wp-json\/wp\/v2\/media?parent=9773"}],"wp:term":[{"taxonomy":"category","embeddable":true,"href":"https:\/\/taschenfreak.de\/blog\/wp-json\/wp\/v2\/categories?post=9773"},{"taxonomy":"post_tag","embeddable":true,"href":"https:\/\/taschenfreak.de\/blog\/wp-json\/wp\/v2\/tags?post=9773"}],"curies":[{"name":"wp","href":"https:\/\/api.w.org\/{rel}","templated":true}]}}