{"id":9850,"date":"2019-06-06T17:36:15","date_gmt":"2019-06-06T15:36:15","guid":{"rendered":"https:\/\/taschenfreak.de\/blog\/?p=9850"},"modified":"2019-06-06T17:36:15","modified_gmt":"2019-06-06T15:36:15","slug":"die-gitzo-gc2202t-stativtasche","status":"publish","type":"post","link":"https:\/\/taschenfreak.de\/blog\/2019\/06\/06\/die-gitzo-gc2202t-stativtasche\/","title":{"rendered":"Die Gitzo GC2202T \u2013 Stativtasche \u2013 warum \u00fcberhaupt eine Stativtasche?"},"content":{"rendered":"<p>Gibt es DIE perfekte Fototasche? Die Antwort kennen wir alle. Nein, nat\u00fcrlich nicht, sonst h\u00e4tten die meisten von uns nicht zig Fototaschen im Regal oder Fotoschrank stehen. Gibt es aber DIE eine Stativtasche? Braucht man \u00fcberhaupt eine Stativtasche? Fragen \u00fcber Fragen&#8230;<\/p>\n<p><strong>Die Gitzo GC2202T &#8211; Stativtasche f\u00fcr das Gitzo Traveler II<\/strong><\/p>\n<p>Wir Ihr ja von meinen Postings der letzten Wochen auf Stativfreak.de und auf meinen Social Media Aktivit\u00e4ten mitbekommen habt, bin ich im Moment fleissig mit dem Gitzo Traveler II, dem Gitzo GT2545T und dem Gitzo GH1382QD unterwegs. Dieses Dreibein ist ganz sicher nahezu unverw\u00fcstlich und dennoch packe ich es in eine Tasche.&nbsp;<\/p>\n<p><strong>Warum \u00fcberhaupt eine Stativtasche?<\/strong><\/p>\n<p>F\u00fcr mich dient eine <a href=\"https:\/\/amzn.to\/2WxL4Q1\">Stativtasche<\/a> nicht zum Schutz des Statives. Ist das ein Widerspruch? Nein, ganz sicher nicht, denn ich sch\u00fctze mit der <a href=\"https:\/\/amzn.to\/2WxL4Q1\">Stativtasche<\/a> nicht das Stativ, sondern vielmehr zum Schutz der anderen Gegenst\u00e4nde um das Stativ herum. Ich mag es nicht wenn das stabile Stativ bei einer Bremsung oder in einer Kurve im Kofferraum &#8222;herumfliegt&#8220; und in der Regel lautstark am Koffer, oder an der Sitzbank landet. Ich mag es zudem nicht wenn die leicht schmutzigen, staubigen oder nassen Stativf\u00fc\u00dfe sich ganz sanft an meiner Bekleidung sauber putzen. Genau daf\u00fcr ist eine Stativtasche, die man dann zu Hause in Ruhe aussaugen oder auswischen kann, bestens geeignet.<\/p>\n<p><strong>Ist doch egal welchen &#8222;Sack&#8220; man da herum packt?<\/strong><\/p>\n<p>Generell ja, ist es. Aber &#8222;das Auge ist mit&#8220;, sagt man nicht umsonst. Zudem schadet eine gute, aber nicht dick auftragende, Polsterung keinesfalls. Zudem mag ich eine kleine Innen- oder Au\u00dfentasche in die ich einen Inbus, ein kleines Leatherman und\/oder eine Ersatz-Wechselplatte verstauen kann, ohne das diese beim Tragen oder Transportieren st\u00e4ndig am Stativ herum klappert.&nbsp;&nbsp;<\/p>\n<p><strong>Die GC2202T von Gitzo auf Reisen<\/strong><\/p>\n<p>Ich nutze die <a href=\"https:\/\/amzn.to\/2WxL4Q1\">GC2202T<\/a> jetzt genau so lange wie mein GT2545T. Ich packe in diese Stofftasche hinein:<\/p>\n<ul>\n<li>Gitzo GT2545T Traveler II Stativ mit<\/li>\n<li>Gitzo GH1382QD oder NOVOFLEX Classic Ball II &#8211; CB2 &#8211; einen der beiden Kugelk\u00f6pfe<\/li>\n<li>GorillaPod 3K<\/li>\n<li>Schnellwechselplatte<\/li>\n<li>Leatherman<\/li>\n<li>Inbus-Schl\u00fcssel<\/li>\n<\/ul>\n<p>Die <a href=\"https:\/\/amzn.to\/2WxL4Q1\">Gitzo GC2202T Stativtasche<\/a> ist zum einen aus sehr robusten Stoff und einem Teil aus Neopren gefertigt. Die <a href=\"https:\/\/amzn.to\/2WxL4Q1\">Stativtasche<\/a> hat einen Schultergurt, der, wenn man diesen ganz kurz einstellt, auch als Handgriff oder Trolleyband dienen kann, der bequem zu handhaben ist. Die kleine Vortasche ist gut bemessen und ebenso wie die Stativtasche selbst mit einem Wetterfesten Rei\u00dfverschluss versehen.<\/p>\n<p><a href=\"https:\/\/amzn.to\/2WxL4Q1\">Die Tasche<\/a> ist nicht zu gro\u00df, denn das st\u00f6rt mich pers\u00f6nlich allzuoft bei Stativtaschen anderer Hersteller, wenn das Stativ darin hin und her &#8222;schlabbert&#8220;, sondern passt f\u00fcr die obige Beladung ganz genau und straff, aber nicht zu eng.&nbsp;<\/p>\n<div id='gallery-1' class='gallery galleryid-9850 gallery-columns-4 gallery-size-thumbnail'><figure class='gallery-item'>\n\t\t\t<div class='gallery-icon landscape'>\n\t\t\t\t<a href='https:\/\/taschenfreak.de\/blog\/wp-content\/uploads\/2019\/06\/2019-05-TF-Gitzo-GC2202T_0001.jpg' title=\"\" data-rl_title=\"\" class=\"rl-gallery-link\" data-rl_caption=\"\" data-rel=\"lightbox-gallery-1\"><img loading=\"lazy\" decoding=\"async\" width=\"150\" height=\"150\" src=\"https:\/\/taschenfreak.de\/blog\/wp-content\/uploads\/2019\/06\/2019-05-TF-Gitzo-GC2202T_0001-150x150.jpg\" class=\"attachment-thumbnail size-thumbnail\" alt=\"\" srcset=\"https:\/\/taschenfreak.de\/blog\/wp-content\/uploads\/2019\/06\/2019-05-TF-Gitzo-GC2202T_0001-150x150.jpg 150w, https:\/\/taschenfreak.de\/blog\/wp-content\/uploads\/2019\/06\/2019-05-TF-Gitzo-GC2202T_0001-70x70.jpg 70w\" sizes=\"auto, (max-width: 150px) 100vw, 150px\" \/><\/a>\n\t\t\t<\/div><\/figure><figure class='gallery-item'>\n\t\t\t<div class='gallery-icon landscape'>\n\t\t\t\t<a href='https:\/\/taschenfreak.de\/blog\/wp-content\/uploads\/2019\/06\/2019-05-TF-Gitzo-GC2202T_0002.jpg' title=\"\" data-rl_title=\"\" class=\"rl-gallery-link\" data-rl_caption=\"\" data-rel=\"lightbox-gallery-1\"><img loading=\"lazy\" decoding=\"async\" width=\"150\" height=\"150\" src=\"https:\/\/taschenfreak.de\/blog\/wp-content\/uploads\/2019\/06\/2019-05-TF-Gitzo-GC2202T_0002-150x150.jpg\" class=\"attachment-thumbnail size-thumbnail\" alt=\"\" srcset=\"https:\/\/taschenfreak.de\/blog\/wp-content\/uploads\/2019\/06\/2019-05-TF-Gitzo-GC2202T_0002-150x150.jpg 150w, https:\/\/taschenfreak.de\/blog\/wp-content\/uploads\/2019\/06\/2019-05-TF-Gitzo-GC2202T_0002-70x70.jpg 70w\" sizes=\"auto, (max-width: 150px) 100vw, 150px\" \/><\/a>\n\t\t\t<\/div><\/figure><figure class='gallery-item'>\n\t\t\t<div class='gallery-icon landscape'>\n\t\t\t\t<a href='https:\/\/taschenfreak.de\/blog\/wp-content\/uploads\/2019\/06\/2019-05-TF-Gitzo-GC2202T_0004.jpg' title=\"\" data-rl_title=\"\" class=\"rl-gallery-link\" data-rl_caption=\"\" data-rel=\"lightbox-gallery-1\"><img loading=\"lazy\" decoding=\"async\" width=\"150\" height=\"150\" src=\"https:\/\/taschenfreak.de\/blog\/wp-content\/uploads\/2019\/06\/2019-05-TF-Gitzo-GC2202T_0004-150x150.jpg\" class=\"attachment-thumbnail size-thumbnail\" alt=\"\" srcset=\"https:\/\/taschenfreak.de\/blog\/wp-content\/uploads\/2019\/06\/2019-05-TF-Gitzo-GC2202T_0004-150x150.jpg 150w, https:\/\/taschenfreak.de\/blog\/wp-content\/uploads\/2019\/06\/2019-05-TF-Gitzo-GC2202T_0004-70x70.jpg 70w\" sizes=\"auto, (max-width: 150px) 100vw, 150px\" \/><\/a>\n\t\t\t<\/div><\/figure><figure class='gallery-item'>\n\t\t\t<div class='gallery-icon landscape'>\n\t\t\t\t<a href='https:\/\/taschenfreak.de\/blog\/wp-content\/uploads\/2019\/06\/2019-05-TF-Gitzo-GC2202T_0005.jpg' title=\"\" data-rl_title=\"\" class=\"rl-gallery-link\" data-rl_caption=\"\" data-rel=\"lightbox-gallery-1\"><img loading=\"lazy\" decoding=\"async\" width=\"150\" height=\"150\" src=\"https:\/\/taschenfreak.de\/blog\/wp-content\/uploads\/2019\/06\/2019-05-TF-Gitzo-GC2202T_0005-150x150.jpg\" class=\"attachment-thumbnail size-thumbnail\" alt=\"\" srcset=\"https:\/\/taschenfreak.de\/blog\/wp-content\/uploads\/2019\/06\/2019-05-TF-Gitzo-GC2202T_0005-150x150.jpg 150w, https:\/\/taschenfreak.de\/blog\/wp-content\/uploads\/2019\/06\/2019-05-TF-Gitzo-GC2202T_0005-70x70.jpg 70w\" sizes=\"auto, (max-width: 150px) 100vw, 150px\" \/><\/a>\n\t\t\t<\/div><\/figure>\n\t\t<\/div>\n\n<p><strong>Was mir gef\u00e4llt an der <a href=\"https:\/\/amzn.to\/2WxL4Q1\">GC2202T<\/a>?<\/strong><\/p>\n<ul>\n<li>Materialien<\/li>\n<li>Rei\u00dfverschl\u00fcsse<\/li>\n<li>Umgh\u00e4ngegurt\/Handgriff<\/li>\n<li>Karabiner um die Stativtasche am Rucksack einzuh\u00e4ngen<\/li>\n<li>d\u00fcnne Polsterung die ausreichend sch\u00fctzt aber nicht auftr\u00e4gt<\/li>\n<li>Kleine (dezente) Vortasche<\/li>\n<li>Das perfekt auf das Traveler II und das GorillaPod abgestimmte Volumen<\/li>\n<li>Das unscheinbare<\/li>\n<\/ul>\n<p><strong>Was mir nicht gef\u00e4llt an der <a href=\"https:\/\/amzn.to\/2WxL4Q1\">GC2202T<\/a>?<\/strong><\/p>\n<ul>\n<li>Der Preis? Ganz ehrlich, knappe 80 Euro sind nicht billig f\u00fcr eine Stativtasche, aber auch nicht \u00fcbertrieben bei dieser Leistung und Qualit\u00e4t.<\/li>\n<\/ul>\n<p><strong>Links<\/strong><\/p>\n<ul>\n<li><a href=\"https:\/\/www.manfrotto.de\/gitzo-stativ-tasche-traveler\">Stativtasche Gitzo GC2202T beim Hersteller<\/a><\/li>\n<li><a href=\"https:\/\/amzn.to\/2WxL4Q1\">Stativtasche Gitzo GC2202T bei Amazon<\/a><\/li>\n<li><a href=\"https:\/\/stativfreak.de\/blog\/gitzo-traveler-ii-stativset-gk2545t-82qd-gt2545t-und-gh1382qd\/\">Mein Bericht zum Gitzo Traveler II auf Stativfreak.de<\/a><\/li>\n<li><a href=\"https:\/\/stativfreak.de\/blog\/stativ-auf-einem-kreuzfahrtschiff-macht-das-sinn-und-wenn-ja-welches\/\">Mein Bericht zu Stativen auf Kreuzfahrtschiffen auf Stativfreak.de <\/a><br \/>\n<a href=\"https:\/\/stativfreak.de\/blog\/stativ-auf-einem-kreuzfahrtschiff-macht-das-sinn-und-wenn-ja-welches\/\">(mit dem GorillaPod 3K und dem Gitzo Traveler II)<\/a><\/li>\n<\/ul>\n<p><strong>Transparenz<\/strong><\/p>\n<p>Ich habe die <a href=\"https:\/\/amzn.to\/2WxL4Q1\">Gitzo GC2202T Stativtasche<\/a> gemeinsam mit dem Gitzo Traveler II zur Verf\u00fcgung gestellt bekommen. Sollte ich diese jemals wieder zur\u00fcck geben m\u00fcssen, werde ich mir diese ganz sicher umgehend selbst kaufen, ebenso wie das Traveler II von Gitzo. Kurzum: Ich gebe es nicht mehr her! Danke an Vitec Imaging Distribution f\u00fcr diese Teststellung.<\/p>\n<p><strong>Mein pers\u00f6nliches Fazit<\/strong><\/p>\n<p>Ich brauche eine Stativtasche f\u00fcr mich pers\u00f6nlich, auch wenn andere Fotografen oder Videografen das anders sehen. Ich mag die <a href=\"https:\/\/amzn.to\/2WxL4Q1\">Gitzo GC2202T Stativtasche<\/a> sehr. F\u00fcr mich ist diese die erste Wahl an Stativtasche!<\/p>\n<p>Sch\u00f6ne Gr\u00fc\u00dfe \u2013 Euer Taschenfreak \u2013 J\u00f6rg Langer<\/p>\n<hr class=\"wp-block-separator\">\n<p><strong>Hinweis in eigener Sache zur Werbung<\/strong><br \/>\nMeine Blogbeitr\u00e4ge und Videos sind Gluten-, Glukose- und Laktosefrei, k\u00f6nnen aber Spuren von Werbung beinhalten da ich die Artikel ab und zu kostenlos zur Verf\u00fcgung gestellt bekomme.<br \/>\nMeine Meinung ist frei von kommerziellen Einfl\u00fcssen, kann aber Spuren von Sarkasmus oder Ironie beinhalten.<br \/>\nDieser Blog verfolgt keine kommerziellen Absichten. Die meisten mir zur Verf\u00fcgung gestellten Taschen verschenke ich oder verlose die f\u00fcr gute Zwecke. Meine treuen Leser wissen das seit Jahren.<br \/>\nIch betreibe diesen Blog aus Spa\u00df an der Sache und nicht aus kommerziellen Absichten. Das mag in der heutigen Zeit eher ungew\u00f6hnlich sein. Mit diesem Schock m\u00fcsst Ihr leider zurecht kommen.<br \/>\n&nbsp;<\/p>\n","protected":false},"excerpt":{"rendered":"<p>Gibt es DIE perfekte Fototasche? Die Antwort kennen wir alle. Nein, nat\u00fcrlich nicht, sonst h\u00e4tten die meisten von uns nicht zig Fototaschen im Regal oder Fotoschrank stehen. Gibt es aber DIE eine Stativtasche? Braucht man \u00fcberhaupt eine Stativtasche? Fragen \u00fcber Fragen&#8230;<\/p>\n","protected":false},"author":3,"featured_media":9851,"comment_status":"open","ping_status":"open","sticky":false,"template":"","format":"standard","meta":{"ngg_post_thumbnail":0,"_jetpack_memberships_contains_paid_content":false,"footnotes":"","_links_to":"","_links_to_target":""},"categories":[52],"tags":[2182,2183,2184,2185,1242,2186],"class_list":["post-9850","post","type-post","status-publish","format-standard","has-post-thumbnail","hentry","category-zubehortasche","tag-gitzo","tag-gitzo-gc2202t","tag-gitzo-traveler-ii","tag-raveler-bag","tag-stativtasche","tag-traveler-ii"],"jetpack_featured_media_url":"https:\/\/taschenfreak.de\/blog\/wp-content\/uploads\/2019\/06\/2019-06-01-SF-Gitzo-GC2202T.jpg","jetpack_shortlink":"https:\/\/wp.me\/p4GMND-2yS","jetpack_sharing_enabled":true,"_links":{"self":[{"href":"https:\/\/taschenfreak.de\/blog\/wp-json\/wp\/v2\/posts\/9850","targetHints":{"allow":["GET"]}}],"collection":[{"href":"https:\/\/taschenfreak.de\/blog\/wp-json\/wp\/v2\/posts"}],"about":[{"href":"https:\/\/taschenfreak.de\/blog\/wp-json\/wp\/v2\/types\/post"}],"author":[{"embeddable":true,"href":"https:\/\/taschenfreak.de\/blog\/wp-json\/wp\/v2\/users\/3"}],"replies":[{"embeddable":true,"href":"https:\/\/taschenfreak.de\/blog\/wp-json\/wp\/v2\/comments?post=9850"}],"version-history":[{"count":1,"href":"https:\/\/taschenfreak.de\/blog\/wp-json\/wp\/v2\/posts\/9850\/revisions"}],"predecessor-version":[{"id":9856,"href":"https:\/\/taschenfreak.de\/blog\/wp-json\/wp\/v2\/posts\/9850\/revisions\/9856"}],"wp:featuredmedia":[{"embeddable":true,"href":"https:\/\/taschenfreak.de\/blog\/wp-json\/wp\/v2\/media\/9851"}],"wp:attachment":[{"href":"https:\/\/taschenfreak.de\/blog\/wp-json\/wp\/v2\/media?parent=9850"}],"wp:term":[{"taxonomy":"category","embeddable":true,"href":"https:\/\/taschenfreak.de\/blog\/wp-json\/wp\/v2\/categories?post=9850"},{"taxonomy":"post_tag","embeddable":true,"href":"https:\/\/taschenfreak.de\/blog\/wp-json\/wp\/v2\/tags?post=9850"}],"curies":[{"name":"wp","href":"https:\/\/api.w.org\/{rel}","templated":true}]}}